{"id":4497,"date":"2026-08-28T15:39:33","date_gmt":"2026-08-28T12:39:33","guid":{"rendered":"https:\/\/suomenlinnatours.com\/?p=4497"},"modified":"2026-08-28T15:43:33","modified_gmt":"2026-08-28T12:43:33","slug":"gustafs-skal-en-historisk-musikalisk-forestallning-i-kungligt-skallskap","status":"publish","type":"post","link":"https:\/\/suomenlinnatours.com\/sv\/gustafs-skal-en-historisk-musikalisk-forestallning-i-kungligt-skallskap\/","title":{"rendered":"GUSTAFS SK\u00c5L &#8211; En historisk musikalisk f\u00f6rest\u00e4llning i kungligt sk\u00e4llskap"},"content":{"rendered":"\n<p class=\"wp-block-paragraph\">I detta n\u00e5dens \u00e5r 1790, d\u00e5 den svenska flottan vunnit stor seger vid slaget vid Svensksund, f\u00e5r vi samlas i Barlastrummet p\u00e5 Sveaborg till en kulturell afton p\u00e5 sj\u00e4lvaste Hans Majest\u00e4t Kung Gustav III:s inbjudan. Hans Majest\u00e4t ledsagar oss genom aftonen, som \u00e4r fylld av sk\u00f6naste musik och utdrag ur de yppersta texter som n\u00e5gonsin flutit ur en konungs penna. Musikerna trakterar s\u00e5v\u00e4l violoncell som cembalo, och bjuder p\u00e5 musik av Karl Heinrich Graun, Francesco Antonio Baldassare Uttini, Johan Helmich Roman mfl. Kv\u00e4llen avslutas med en sk\u00e5l f\u00f6r hans majest\u00e4t Konungen.<\/p>\n\n\n\n<p class=\"wp-block-paragraph\">Medverkande:<\/p>\n\n\n\n<p class=\"wp-block-paragraph\">Elias Edstr\u00f6m, Gustaf III<\/p>\n\n\n\n<p class=\"wp-block-paragraph\">Carolina Bjon, barockcello<\/p>\n\n\n\n<p class=\"wp-block-paragraph\">Julia Tamminen, cembalo<\/p>\n\n\n\n<p class=\"wp-block-paragraph\">F\u00f6rest\u00e4llningar:<\/p>\n\n\n\n<p class=\"wp-block-paragraph\">Fredag 16.10.2026 kl. 18.00<\/p>\n\n\n\n<p class=\"wp-block-paragraph\">L\u00f6rdag 17.10.2026 kl. 13.00 och 16.00<\/p>\n\n\n\n<p class=\"wp-block-paragraph\">Biljetter: 25 \u20ac vuxen \/ 20 \u20ac Studerande, pensionerade \/ 0 \u20ac \/ Barn (0\u201318 \u00e5r) (moms 13, 5 %)<\/p>\n\n\n\n<p class=\"wp-block-paragraph\"><a href=\"https:\/\/suomenlinna.johku.com\/sv_SE\/liput\/malja-kustaalle-historiallismusiikillinen-esitys-kuninkaallisessa\">Till Samfundet Ehrensv\u00e4rds webshop<\/a><\/p>\n\n\n\n<p class=\"wp-block-paragraph\">Plats: Barlastrummet, Sveaborg C 40<\/p>\n\n\n\n<p class=\"wp-block-paragraph\">F\u00f6rest\u00e4llningen produceras av det tv\u00e4rkonstn\u00e4rliga n\u00e4tverket f\u00f6r barockkonst Corda Rossa i samarbete med Samfundet Ehrensv\u00e4rd rf. F\u00f6rest\u00e4llningen f\u00f6rverkligas med st\u00f6d av Svenska kulturfonden, Amos Andersons fond och Stiftelsen Tre Smeder.<\/p>\n\n\n\n<p class=\"wp-block-paragraph\"><\/p>\n","protected":false},"excerpt":{"rendered":"<p>I detta n\u00e5dens \u00e5r 1790, d\u00e5 den svenska flottan vunnit stor seger vid slaget vid Svensksund, f\u00e5r vi samlas i Barlastrummet p\u00e5 Sveaborg till en kulturell afton p\u00e5 sj\u00e4lvaste Hans&hellip;<\/p>\n","protected":false},"author":6,"featured_media":4495,"comment_status":"closed","ping_status":"open","sticky":false,"template":"","format":"standard","meta":{"_acf_changed":false,"footnotes":""},"categories":[3],"tags":[],"class_list":["post-4497","post","type-post","status-publish","format-standard","has-post-thumbnail","hentry","category-okategoriserad"],"acf":[],"yoast_head":"<!-- This site is optimized with the Yoast SEO plugin v28.3 - https:\/\/yoast.com\/product\/yoast-seo-wordpress\/ -->\n<title>GUSTAFS SK\u00c5L - En historisk musikalisk f\u00f6rest\u00e4llning i kungligt sk\u00e4llskap - Suomenlinna Tours<\/title>\n<meta name=\"robots\" content=\"index, follow, max-snippet:-1, max-image-preview:large, max-video-preview:-1\" \/>\n<link rel=\"canonical\" href=\"https:\/\/suomenlinnatours.com\/sv\/gustafs-skal-en-historisk-musikalisk-forestallning-i-kungligt-skallskap\/\" \/>\n<meta property=\"og:locale\" content=\"sv_SE\" \/>\n<meta property=\"og:type\" content=\"article\" \/>\n<meta property=\"og:title\" content=\"GUSTAFS SK\u00c5L - En historisk musikalisk f\u00f6rest\u00e4llning i kungligt sk\u00e4llskap - Suomenlinna Tours\" \/>\n<meta property=\"og:description\" content=\"I detta n\u00e5dens \u00e5r 1790, d\u00e5 den svenska flottan vunnit stor seger vid slaget vid Svensksund, f\u00e5r vi samlas i Barlastrummet p\u00e5 Sveaborg till en kulturell afton p\u00e5 sj\u00e4lvaste Hans&hellip;\" \/>\n<meta property=\"og:url\" content=\"https:\/\/suomenlinnatours.com\/sv\/gustafs-skal-en-historisk-musikalisk-forestallning-i-kungligt-skallskap\/\" \/>\n<meta property=\"og:site_name\" content=\"Suomenlinna Tours\" \/>\n<meta property=\"article:publisher\" content=\"https:\/\/www.facebook.com\/ehrensvardseura\" \/>\n<meta property=\"article:published_time\" content=\"2026-08-28T12:39:33+00:00\" \/>\n<meta property=\"article:modified_time\" content=\"2026-08-28T12:43:33+00:00\" \/>\n<meta property=\"og:image\" content=\"https:\/\/suomenlinnatours.com\/wp-content\/uploads\/2026\/08\/kuningas-keltainentausta-edit1.jpeg\" \/>\n\t<meta property=\"og:image:width\" content=\"1280\" \/>\n\t<meta property=\"og:image:height\" content=\"720\" \/>\n\t<meta property=\"og:image:type\" content=\"image\/jpeg\" \/>\n<meta name=\"author\" content=\"sanna.pietila\" \/>\n<meta name=\"twitter:card\" content=\"summary_large_image\" \/>\n<meta name=\"twitter:label1\" content=\"Skriven av\" \/>\n\t<meta name=\"twitter:data1\" content=\"sanna.pietila\" \/>\n\t<meta name=\"twitter:label2\" content=\"Ber\u00e4knad l\u00e4stid\" \/>\n\t<meta name=\"twitter:data2\" content=\"2 minuter\" \/>\n<script type=\"application\/ld+json\" class=\"yoast-schema-graph\">{\"@context\":\"https:\\\/\\\/schema.org\",\"@graph\":[{\"@type\":\"Article\",\"@id\":\"https:\\\/\\\/suomenlinnatours.com\\\/sv\\\/gustafs-skal-en-historisk-musikalisk-forestallning-i-kungligt-skallskap\\\/#article\",\"isPartOf\":{\"@id\":\"https:\\\/\\\/suomenlinnatours.com\\\/sv\\\/gustafs-skal-en-historisk-musikalisk-forestallning-i-kungligt-skallskap\\\/\"},\"author\":{\"name\":\"sanna.pietila\",\"@id\":\"https:\\\/\\\/suomenlinnatours.com\\\/sv\\\/#\\\/schema\\\/person\\\/a486d9cc5e14ec23934775f531140e36\"},\"headline\":\"GUSTAFS SK\u00c5L &#8211; En historisk musikalisk f\u00f6rest\u00e4llning i kungligt sk\u00e4llskap\",\"datePublished\":\"2026-08-28T12:39:33+00:00\",\"dateModified\":\"2026-08-28T12:43:33+00:00\",\"mainEntityOfPage\":{\"@id\":\"https:\\\/\\\/suomenlinnatours.com\\\/sv\\\/gustafs-skal-en-historisk-musikalisk-forestallning-i-kungligt-skallskap\\\/\"},\"wordCount\":196,\"image\":{\"@id\":\"https:\\\/\\\/suomenlinnatours.com\\\/sv\\\/gustafs-skal-en-historisk-musikalisk-forestallning-i-kungligt-skallskap\\\/#primaryimage\"},\"thumbnailUrl\":\"https:\\\/\\\/suomenlinnatours.com\\\/wp-content\\\/uploads\\\/2026\\\/08\\\/kuningas-keltainentausta-edit1.jpeg\",\"articleSection\":[\"Okategoriserad\"],\"inLanguage\":\"sv-SE\"},{\"@type\":\"WebPage\",\"@id\":\"https:\\\/\\\/suomenlinnatours.com\\\/sv\\\/gustafs-skal-en-historisk-musikalisk-forestallning-i-kungligt-skallskap\\\/\",\"url\":\"https:\\\/\\\/suomenlinnatours.com\\\/sv\\\/gustafs-skal-en-historisk-musikalisk-forestallning-i-kungligt-skallskap\\\/\",\"name\":\"GUSTAFS SK\u00c5L - En historisk musikalisk f\u00f6rest\u00e4llning i kungligt sk\u00e4llskap - Suomenlinna Tours\",\"isPartOf\":{\"@id\":\"https:\\\/\\\/suomenlinnatours.com\\\/sv\\\/#website\"},\"primaryImageOfPage\":{\"@id\":\"https:\\\/\\\/suomenlinnatours.com\\\/sv\\\/gustafs-skal-en-historisk-musikalisk-forestallning-i-kungligt-skallskap\\\/#primaryimage\"},\"image\":{\"@id\":\"https:\\\/\\\/suomenlinnatours.com\\\/sv\\\/gustafs-skal-en-historisk-musikalisk-forestallning-i-kungligt-skallskap\\\/#primaryimage\"},\"thumbnailUrl\":\"https:\\\/\\\/suomenlinnatours.com\\\/wp-content\\\/uploads\\\/2026\\\/08\\\/kuningas-keltainentausta-edit1.jpeg\",\"datePublished\":\"2026-08-28T12:39:33+00:00\",\"dateModified\":\"2026-08-28T12:43:33+00:00\",\"author\":{\"@id\":\"https:\\\/\\\/suomenlinnatours.com\\\/sv\\\/#\\\/schema\\\/person\\\/a486d9cc5e14ec23934775f531140e36\"},\"breadcrumb\":{\"@id\":\"https:\\\/\\\/suomenlinnatours.com\\\/sv\\\/gustafs-skal-en-historisk-musikalisk-forestallning-i-kungligt-skallskap\\\/#breadcrumb\"},\"inLanguage\":\"sv-SE\",\"potentialAction\":[{\"@type\":\"ReadAction\",\"target\":[\"https:\\\/\\\/suomenlinnatours.com\\\/sv\\\/gustafs-skal-en-historisk-musikalisk-forestallning-i-kungligt-skallskap\\\/\"]}]},{\"@type\":\"ImageObject\",\"inLanguage\":\"sv-SE\",\"@id\":\"https:\\\/\\\/suomenlinnatours.com\\\/sv\\\/gustafs-skal-en-historisk-musikalisk-forestallning-i-kungligt-skallskap\\\/#primaryimage\",\"url\":\"https:\\\/\\\/suomenlinnatours.com\\\/wp-content\\\/uploads\\\/2026\\\/08\\\/kuningas-keltainentausta-edit1.jpeg\",\"contentUrl\":\"https:\\\/\\\/suomenlinnatours.com\\\/wp-content\\\/uploads\\\/2026\\\/08\\\/kuningas-keltainentausta-edit1.jpeg\",\"width\":1280,\"height\":720},{\"@type\":\"BreadcrumbList\",\"@id\":\"https:\\\/\\\/suomenlinnatours.com\\\/sv\\\/gustafs-skal-en-historisk-musikalisk-forestallning-i-kungligt-skallskap\\\/#breadcrumb\",\"itemListElement\":[{\"@type\":\"ListItem\",\"position\":1,\"name\":\"Etusivu\",\"item\":\"https:\\\/\\\/suomenlinnatours.com\\\/sv\\\/\"},{\"@type\":\"ListItem\",\"position\":2,\"name\":\"GUSTAFS SK\u00c5L &#8211; En historisk musikalisk f\u00f6rest\u00e4llning i kungligt sk\u00e4llskap\"}]},{\"@type\":\"WebSite\",\"@id\":\"https:\\\/\\\/suomenlinnatours.com\\\/sv\\\/#website\",\"url\":\"https:\\\/\\\/suomenlinnatours.com\\\/sv\\\/\",\"name\":\"Suomenlinna Tours\",\"description\":\"\",\"potentialAction\":[{\"@type\":\"SearchAction\",\"target\":{\"@type\":\"EntryPoint\",\"urlTemplate\":\"https:\\\/\\\/suomenlinnatours.com\\\/sv\\\/?s={search_term_string}\"},\"query-input\":{\"@type\":\"PropertyValueSpecification\",\"valueRequired\":true,\"valueName\":\"search_term_string\"}}],\"inLanguage\":\"sv-SE\"},{\"@type\":\"Person\",\"@id\":\"https:\\\/\\\/suomenlinnatours.com\\\/sv\\\/#\\\/schema\\\/person\\\/a486d9cc5e14ec23934775f531140e36\",\"name\":\"sanna.pietila\"}]}<\/script>\n<!-- \/ Yoast SEO plugin. -->","yoast_head_json":{"title":"GUSTAFS SK\u00c5L - En historisk musikalisk f\u00f6rest\u00e4llning i kungligt sk\u00e4llskap - Suomenlinna Tours","robots":{"index":"index","follow":"follow","max-snippet":"max-snippet:-1","max-image-preview":"max-image-preview:large","max-video-preview":"max-video-preview:-1"},"canonical":"https:\/\/suomenlinnatours.com\/sv\/gustafs-skal-en-historisk-musikalisk-forestallning-i-kungligt-skallskap\/","og_locale":"sv_SE","og_type":"article","og_title":"GUSTAFS SK\u00c5L - En historisk musikalisk f\u00f6rest\u00e4llning i kungligt sk\u00e4llskap - Suomenlinna Tours","og_description":"I detta n\u00e5dens \u00e5r 1790, d\u00e5 den svenska flottan vunnit stor seger vid slaget vid Svensksund, f\u00e5r vi samlas i Barlastrummet p\u00e5 Sveaborg till en kulturell afton p\u00e5 sj\u00e4lvaste Hans&hellip;","og_url":"https:\/\/suomenlinnatours.com\/sv\/gustafs-skal-en-historisk-musikalisk-forestallning-i-kungligt-skallskap\/","og_site_name":"Suomenlinna Tours","article_publisher":"https:\/\/www.facebook.com\/ehrensvardseura","article_published_time":"2026-08-28T12:39:33+00:00","article_modified_time":"2026-08-28T12:43:33+00:00","og_image":[{"width":1280,"height":720,"url":"https:\/\/suomenlinnatours.com\/wp-content\/uploads\/2026\/08\/kuningas-keltainentausta-edit1.jpeg","type":"image\/jpeg"}],"author":"sanna.pietila","twitter_card":"summary_large_image","twitter_misc":{"Skriven av":"sanna.pietila","Ber\u00e4knad l\u00e4stid":"2 minuter"},"schema":{"@context":"https:\/\/schema.org","@graph":[{"@type":"Article","@id":"https:\/\/suomenlinnatours.com\/sv\/gustafs-skal-en-historisk-musikalisk-forestallning-i-kungligt-skallskap\/#article","isPartOf":{"@id":"https:\/\/suomenlinnatours.com\/sv\/gustafs-skal-en-historisk-musikalisk-forestallning-i-kungligt-skallskap\/"},"author":{"name":"sanna.pietila","@id":"https:\/\/suomenlinnatours.com\/sv\/#\/schema\/person\/a486d9cc5e14ec23934775f531140e36"},"headline":"GUSTAFS SK\u00c5L &#8211; En historisk musikalisk f\u00f6rest\u00e4llning i kungligt sk\u00e4llskap","datePublished":"2026-08-28T12:39:33+00:00","dateModified":"2026-08-28T12:43:33+00:00","mainEntityOfPage":{"@id":"https:\/\/suomenlinnatours.com\/sv\/gustafs-skal-en-historisk-musikalisk-forestallning-i-kungligt-skallskap\/"},"wordCount":196,"image":{"@id":"https:\/\/suomenlinnatours.com\/sv\/gustafs-skal-en-historisk-musikalisk-forestallning-i-kungligt-skallskap\/#primaryimage"},"thumbnailUrl":"https:\/\/suomenlinnatours.com\/wp-content\/uploads\/2026\/08\/kuningas-keltainentausta-edit1.jpeg","articleSection":["Okategoriserad"],"inLanguage":"sv-SE"},{"@type":"WebPage","@id":"https:\/\/suomenlinnatours.com\/sv\/gustafs-skal-en-historisk-musikalisk-forestallning-i-kungligt-skallskap\/","url":"https:\/\/suomenlinnatours.com\/sv\/gustafs-skal-en-historisk-musikalisk-forestallning-i-kungligt-skallskap\/","name":"GUSTAFS SK\u00c5L - En historisk musikalisk f\u00f6rest\u00e4llning i kungligt sk\u00e4llskap - Suomenlinna Tours","isPartOf":{"@id":"https:\/\/suomenlinnatours.com\/sv\/#website"},"primaryImageOfPage":{"@id":"https:\/\/suomenlinnatours.com\/sv\/gustafs-skal-en-historisk-musikalisk-forestallning-i-kungligt-skallskap\/#primaryimage"},"image":{"@id":"https:\/\/suomenlinnatours.com\/sv\/gustafs-skal-en-historisk-musikalisk-forestallning-i-kungligt-skallskap\/#primaryimage"},"thumbnailUrl":"https:\/\/suomenlinnatours.com\/wp-content\/uploads\/2026\/08\/kuningas-keltainentausta-edit1.jpeg","datePublished":"2026-08-28T12:39:33+00:00","dateModified":"2026-08-28T12:43:33+00:00","author":{"@id":"https:\/\/suomenlinnatours.com\/sv\/#\/schema\/person\/a486d9cc5e14ec23934775f531140e36"},"breadcrumb":{"@id":"https:\/\/suomenlinnatours.com\/sv\/gustafs-skal-en-historisk-musikalisk-forestallning-i-kungligt-skallskap\/#breadcrumb"},"inLanguage":"sv-SE","potentialAction":[{"@type":"ReadAction","target":["https:\/\/suomenlinnatours.com\/sv\/gustafs-skal-en-historisk-musikalisk-forestallning-i-kungligt-skallskap\/"]}]},{"@type":"ImageObject","inLanguage":"sv-SE","@id":"https:\/\/suomenlinnatours.com\/sv\/gustafs-skal-en-historisk-musikalisk-forestallning-i-kungligt-skallskap\/#primaryimage","url":"https:\/\/suomenlinnatours.com\/wp-content\/uploads\/2026\/08\/kuningas-keltainentausta-edit1.jpeg","contentUrl":"https:\/\/suomenlinnatours.com\/wp-content\/uploads\/2026\/08\/kuningas-keltainentausta-edit1.jpeg","width":1280,"height":720},{"@type":"BreadcrumbList","@id":"https:\/\/suomenlinnatours.com\/sv\/gustafs-skal-en-historisk-musikalisk-forestallning-i-kungligt-skallskap\/#breadcrumb","itemListElement":[{"@type":"ListItem","position":1,"name":"Etusivu","item":"https:\/\/suomenlinnatours.com\/sv\/"},{"@type":"ListItem","position":2,"name":"GUSTAFS SK\u00c5L &#8211; En historisk musikalisk f\u00f6rest\u00e4llning i kungligt sk\u00e4llskap"}]},{"@type":"WebSite","@id":"https:\/\/suomenlinnatours.com\/sv\/#website","url":"https:\/\/suomenlinnatours.com\/sv\/","name":"Suomenlinna Tours","description":"","potentialAction":[{"@type":"SearchAction","target":{"@type":"EntryPoint","urlTemplate":"https:\/\/suomenlinnatours.com\/sv\/?s={search_term_string}"},"query-input":{"@type":"PropertyValueSpecification","valueRequired":true,"valueName":"search_term_string"}}],"inLanguage":"sv-SE"},{"@type":"Person","@id":"https:\/\/suomenlinnatours.com\/sv\/#\/schema\/person\/a486d9cc5e14ec23934775f531140e36","name":"sanna.pietila"}]}},"_links":{"self":[{"href":"https:\/\/suomenlinnatours.com\/sv\/wp-json\/wp\/v2\/posts\/4497","targetHints":{"allow":["GET"]}}],"collection":[{"href":"https:\/\/suomenlinnatours.com\/sv\/wp-json\/wp\/v2\/posts"}],"about":[{"href":"https:\/\/suomenlinnatours.com\/sv\/wp-json\/wp\/v2\/types\/post"}],"author":[{"embeddable":true,"href":"https:\/\/suomenlinnatours.com\/sv\/wp-json\/wp\/v2\/users\/6"}],"replies":[{"embeddable":true,"href":"https:\/\/suomenlinnatours.com\/sv\/wp-json\/wp\/v2\/comments?post=4497"}],"version-history":[{"count":1,"href":"https:\/\/suomenlinnatours.com\/sv\/wp-json\/wp\/v2\/posts\/4497\/revisions"}],"predecessor-version":[{"id":4498,"href":"https:\/\/suomenlinnatours.com\/sv\/wp-json\/wp\/v2\/posts\/4497\/revisions\/4498"}],"wp:featuredmedia":[{"embeddable":true,"href":"https:\/\/suomenlinnatours.com\/sv\/wp-json\/wp\/v2\/media\/4495"}],"wp:attachment":[{"href":"https:\/\/suomenlinnatours.com\/sv\/wp-json\/wp\/v2\/media?parent=4497"}],"wp:term":[{"taxonomy":"category","embeddable":true,"href":"https:\/\/suomenlinnatours.com\/sv\/wp-json\/wp\/v2\/categories?post=4497"},{"taxonomy":"post_tag","embeddable":true,"href":"https:\/\/suomenlinnatours.com\/sv\/wp-json\/wp\/v2\/tags?post=4497"}],"curies":[{"name":"wp","href":"https:\/\/api.w.org\/{rel}","templated":true}]}}